
{"id":1688,"date":"2022-04-26T15:32:16","date_gmt":"2022-04-26T14:32:16","guid":{"rendered":"https:\/\/www.partnerstadtverein.de\/?p=1688"},"modified":"2022-04-26T15:32:16","modified_gmt":"2022-04-26T14:32:16","slug":"feier-zum-50-jubilaeum-wird-verschoben","status":"publish","type":"post","link":"https:\/\/www.partnerstadtverein.de\/index.php\/2022\/04\/26\/feier-zum-50-jubilaeum-wird-verschoben\/","title":{"rendered":"Feier zum 50. Jubil\u00e4um wird verschoben"},"content":{"rendered":"<p>Gemeinsam mit unseren franz\u00f6sischen Freunden haben wir entschieden, das Fest zum 50. Jubil\u00e4um der Partnerschaft zwischen Stetten im Remstal und St. Pierre d&#8217;Albigny auf n\u00e4chstes Jahr in St. Pierre zu verschieben. Letzten Endes war uns allen das Risiko einer Erkrankung f\u00fcr G\u00e4ste und Gastgeber derzeit noch zu hoch. Die Absage f\u00e4llt uns nicht leicht, da wir uns schon alle sehr auf unsere gemeinsame Feier gefreut hatten.<\/p>\n<p>Um wenigstens im kleinen Kreis feiern zu k\u00f6nnen haben wir im Herbst ein Treffen der beiden Komitees vereinbart. Dazu wollen wir uns am Wochenende, 16. bis 18. September 2022, in Kernen treffen. Nach \u00fcber zwei Jahren digitaler Meetings war beiden Seiten ein pers\u00f6nliches Zusammenkommen sehr wichtig. Nachdem wir uns in der Vergangenheit zweimal im Jahr getroffen hatten, ist die Vorfreude auf ein Wiedersehen bei allen sehr gro\u00df. \u00dcber das geplante Programm werden wir rechtzeitig informieren und einladen.<\/p>\n","protected":false},"excerpt":{"rendered":"<p>Gemeinsam mit unseren franz\u00f6sischen Freunden haben wir entschieden, das Fest zum 50. Jubil\u00e4um der Partnerschaft zwischen Stetten im Remstal und St. Pierre d&#8217;Albigny auf n\u00e4chstes Jahr in St. Pierre zu verschieben. Letzten Endes war uns allen das Risiko einer Erkrankung f\u00fcr G\u00e4ste und Gastgeber derzeit noch zu hoch. Die Absage f\u00e4llt uns nicht leicht, da [&hellip;]<\/p>\n","protected":false},"author":4,"featured_media":0,"comment_status":"closed","ping_status":"closed","sticky":false,"template":"","format":"standard","meta":{"footnotes":""},"categories":[4],"tags":[],"class_list":["post-1688","post","type-post","status-publish","format-standard","hentry","category-aktuell"],"_links":{"self":[{"href":"https:\/\/www.partnerstadtverein.de\/index.php\/wp-json\/wp\/v2\/posts\/1688","targetHints":{"allow":["GET"]}}],"collection":[{"href":"https:\/\/www.partnerstadtverein.de\/index.php\/wp-json\/wp\/v2\/posts"}],"about":[{"href":"https:\/\/www.partnerstadtverein.de\/index.php\/wp-json\/wp\/v2\/types\/post"}],"author":[{"embeddable":true,"href":"https:\/\/www.partnerstadtverein.de\/index.php\/wp-json\/wp\/v2\/users\/4"}],"replies":[{"embeddable":true,"href":"https:\/\/www.partnerstadtverein.de\/index.php\/wp-json\/wp\/v2\/comments?post=1688"}],"version-history":[{"count":1,"href":"https:\/\/www.partnerstadtverein.de\/index.php\/wp-json\/wp\/v2\/posts\/1688\/revisions"}],"predecessor-version":[{"id":1689,"href":"https:\/\/www.partnerstadtverein.de\/index.php\/wp-json\/wp\/v2\/posts\/1688\/revisions\/1689"}],"wp:attachment":[{"href":"https:\/\/www.partnerstadtverein.de\/index.php\/wp-json\/wp\/v2\/media?parent=1688"}],"wp:term":[{"taxonomy":"category","embeddable":true,"href":"https:\/\/www.partnerstadtverein.de\/index.php\/wp-json\/wp\/v2\/categories?post=1688"},{"taxonomy":"post_tag","embeddable":true,"href":"https:\/\/www.partnerstadtverein.de\/index.php\/wp-json\/wp\/v2\/tags?post=1688"}],"curies":[{"name":"wp","href":"https:\/\/api.w.org\/{rel}","templated":true}]}}