
{"id":2015,"date":"2026-08-31T07:50:46","date_gmt":"2026-08-31T06:50:46","guid":{"rendered":"https:\/\/www.partnerstadtverein.de\/?p=2015"},"modified":"2026-08-31T07:50:46","modified_gmt":"2026-08-31T06:50:46","slug":"deutschfranzoesisches-jugendcamp-in-kernen-eine-woche-voller-begegnungen-abenteuer-und-freundschaft","status":"publish","type":"post","link":"https:\/\/www.partnerstadtverein.de\/index.php\/2026\/08\/31\/deutschfranzoesisches-jugendcamp-in-kernen-eine-woche-voller-begegnungen-abenteuer-und-freundschaft\/","title":{"rendered":"Deutsch\u2011franz\u00f6sisches Jugendcamp in Kernen \u2013 eine Woche voller Begegnungen, Abenteuer und Freundschaft"},"content":{"rendered":"<p>Vom 3. bis 9. August fand in Kernen ein deutsch\u2011franz\u00f6sisches Jugendcamp statt, das 15 Jugendlichen aus St. Pierre d\u2019Albigny und 10 Jugendlichen aus Kernen die M\u00f6glichkeit bot, eine Woche lang gemeinsam zu leben, zu lernen und Neues zu entdecken. Organisiert wurde das Camp vom Partnerstadtverein Stetten-St.Pierre und dem Comit\u00e9 de Jumelage St. Pierre, unterst\u00fctzt vom mobilen Jugendreferat Kernen sowie der Jugendarbeit der Partageraie.<\/p>\n<p><strong>Anreise und Campaufbau<\/strong><br \/>\nAm Montagmorgen starteten die franz\u00f6sischen Jugendlichen mit ihren Betreuern Adrien Brunello und Emma in zwei Minibussen Richtung Kernen \u2013 eine Reise von \u00fcber neun Stunden. W\u00e4hrenddessen bereitete das Team um Dominik Hettich das Campgel\u00e4nde vor und errichtete die Zelte rund um das Jugendzentrum. Dank der Unterst\u00fctzung der Gemeinde und der \u00f6rtlichen Sportvereine konnten die Duschen im St.-Rambert\u2011Stadion genutzt werden. Das Jugendzentrum selbst bot ideale Bedingungen: gem\u00fctliche Chill\u2011Ecken, Tischkicker, Spiele und Sportfl\u00e4chen f\u00fcr Basketball und Fu\u00dfball.<\/p>\n<p><strong>Sprachliche Br\u00fccken und erste Begegnungen<br \/>\n<\/strong>Damit die Jugendlichen schnell miteinander ins Gespr\u00e4ch kamen, begleiteten die zweisprachigen Moderatorinnen M\u00e9lane und Joelle die Gruppe durch die Woche. Dazu kamen viel Humor, der Google\u2011\u00dcbersetzer und nat\u00fcrlich H\u00e4nde und F\u00fc\u00dfe. Beim ersten Kennenlernspiel sortierte sich die Gruppe nach den Anfangsbuchstaben ihrer Vornamen \u2013 ein lebendiger Start in die gemeinsame Woche.<\/p>\n<p><strong>Ein abwechslungsreiches Programm<\/strong><br \/>\nDie Woche bot eine bunte Mischung aus Natur, Kultur, Sport und gemeinsamen Erlebnissen:<\/p>\n<ul>\n<li>Wanderung nach Stetten: Von den Sportst\u00e4tten in Rommelshausen ging es \u00fcber das Blaue Loch zur Diakonie Stetten, wo die Gruppe zum Mittagessen eingeladen war. Der anschlie\u00dfende Aufstieg f\u00fchrte \u00fcber den St.-Pierre\u2011Platz und die Y\u2011Burg \u2013 mit einer wohlverdienten Eispause.<\/li>\n<li>Kreative Waldchallenge: In gemischten Teams sollten die Jugendlichen ein rohes Ei mit Naturmaterialien so sch\u00fctzen, dass es einen Sturz aus mehreren Metern H\u00f6he \u00fcbersteht. Einige Konstruktionen hielten tats\u00e4chlich stand.<\/li>\n<li>Besuch im Stettener B\u00e4dle: Nach einem kurzen Sommerregen sorgte das k\u00fchle Wasser f\u00fcr ein erfrischendes Wasserballmatch.<\/li>\n<li>Wilhelma Stuttgart: Die Vielfalt der Tier\u2011 und Pflanzenwelt beeindruckte alle. Gleichzeitig diskutierte die Gruppe \u00fcber Chancen und Herausforderungen moderner Zoos.<\/li>\n<li>Waldklettergarten Stuttgart: Mut, Teamgeist und H\u00f6henluft \u2013 die Jugendlichen eroberten die Parcours und sausten mit dem Flying Fox zur\u00fcck zum Boden.<\/li>\n<li>Porsche Museum: Historische und moderne Technik faszinierten die Gruppe. Porsche unterst\u00fctzt Austauschprogramme mit kostenfreiem Eintritt und franz\u00f6sischen Audioguides.<\/li>\n<li>Stuttgart entdecken: \u00dcber das beeindruckende Treppenhaus der Stadtbibliothek ging es zur Dachterrasse mit Blick \u00fcber die Stadt. Danach erkundeten die Jugendlichen den Schlossplatz und suchten Souvenirs f\u00fcr zuhause.<\/li>\n<\/ul>\n<p><strong>Abende voller Austausch und europ\u00e4ischer Themen<\/strong><br \/>\nNeben Spiel und Spa\u00df standen abends moderierte Gespr\u00e4chsrunden und ein Quiz auf dem Programm: Wie unterscheidet sich der Schulalltag in Deutschland und Frankreich? Wie sehen Jugendliche beider L\u00e4nder die Rollen von Mann und Frau? Was bedeuten europ\u00e4ische Grundwerte im Alltag?<br \/>\nDiese Gespr\u00e4che vertieften das Verst\u00e4ndnis f\u00fcreinander und machten Europa im Kleinen erlebbar.<\/p>\n<p><strong>Dank und Unterst\u00fctzung<\/strong><br \/>\nDas deutsch\u2011franz\u00f6sische Jugendwerk (DFJW \/ OFAJ) f\u00f6rderte die Fahrt\u2011 und Verpflegungskosten der Begegnung. Ein herzlicher Dank gilt au\u00dferdem der Gemeinde Kernen und der B\u00fcrgerstiftung, die durch ihre Unterst\u00fctzung eine kosteng\u00fcnstige Teilnahme f\u00fcr alle Jugendlichen erm\u00f6glichten.<\/p>\n<p><strong>Abschied und Ausblick<\/strong><br \/>\nAm Sonntagmorgen hie\u00df es Abschied nehmen \u2013 nicht ohne Tr\u00e4nen, Umarmungen und das Versprechen, in Kontakt zu bleiben. In dieser Woche sind neue Freundschaften entstanden und ein weiterer Samen f\u00fcr die deutsch\u2011franz\u00f6sische Partnerschaft gelegt worden.<\/p>\n\n\t\t<style type=\"text\/css\">\n\t\t\t#gallery-1 {\n\t\t\t\tmargin: auto;\n\t\t\t}\n\t\t\t#gallery-1 .gallery-item {\n\t\t\t\tfloat: left;\n\t\t\t\tmargin-top: 10px;\n\t\t\t\ttext-align: center;\n\t\t\t\twidth: 33%;\n\t\t\t}\n\t\t\t#gallery-1 img {\n\t\t\t\tborder: 2px solid #cfcfcf;\n\t\t\t}\n\t\t\t#gallery-1 .gallery-caption {\n\t\t\t\tmargin-left: 0;\n\t\t\t}\n\t\t\t\/* see gallery_shortcode() in wp-includes\/media.php *\/\n\t\t<\/style>\n\t\t<div id='gallery-1' class='gallery galleryid-2015 gallery-columns-3 gallery-size-thumbnail'><dl class='gallery-item'>\n\t\t\t<dt class='gallery-icon landscape'>\n\t\t\t\t<a href='https:\/\/www.partnerstadtverein.de\/wp-content\/uploads\/2026\/08\/Dach_stadtbibliothek.jpeg' rel=\"lightbox[2015]\"><img loading=\"lazy\" decoding=\"async\" width=\"200\" height=\"150\" src=\"https:\/\/www.partnerstadtverein.de\/wp-content\/uploads\/2026\/08\/Dach_stadtbibliothek-200x150.jpeg\" class=\"attachment-thumbnail size-thumbnail\" alt=\"\" srcset=\"https:\/\/www.partnerstadtverein.de\/wp-content\/uploads\/2026\/08\/Dach_stadtbibliothek-200x150.jpeg 200w, https:\/\/www.partnerstadtverein.de\/wp-content\/uploads\/2026\/08\/Dach_stadtbibliothek-300x225.jpeg 300w, https:\/\/www.partnerstadtverein.de\/wp-content\/uploads\/2026\/08\/Dach_stadtbibliothek-1024x768.jpeg 1024w, https:\/\/www.partnerstadtverein.de\/wp-content\/uploads\/2026\/08\/Dach_stadtbibliothek-768x576.jpeg 768w, https:\/\/www.partnerstadtverein.de\/wp-content\/uploads\/2026\/08\/Dach_stadtbibliothek-1536x1152.jpeg 1536w, https:\/\/www.partnerstadtverein.de\/wp-content\/uploads\/2026\/08\/Dach_stadtbibliothek.jpeg 1600w\" sizes=\"auto, (max-width: 200px) 100vw, 200px\" \/><\/a>\n\t\t\t<\/dt><\/dl><dl class='gallery-item'>\n\t\t\t<dt class='gallery-icon portrait'>\n\t\t\t\t<a href='https:\/\/www.partnerstadtverein.de\/wp-content\/uploads\/2026\/08\/eispause_yburg.jpeg' rel=\"lightbox[2015]\"><img loading=\"lazy\" decoding=\"async\" width=\"200\" height=\"150\" src=\"https:\/\/www.partnerstadtverein.de\/wp-content\/uploads\/2026\/08\/eispause_yburg-200x150.jpeg\" class=\"attachment-thumbnail size-thumbnail\" alt=\"\" \/><\/a>\n\t\t\t<\/dt><\/dl><dl class='gallery-item'>\n\t\t\t<dt class='gallery-icon portrait'>\n\t\t\t\t<a href='https:\/\/www.partnerstadtverein.de\/wp-content\/uploads\/2026\/08\/mittagessen_lasalle.jpeg' rel=\"lightbox[2015]\"><img loading=\"lazy\" decoding=\"async\" width=\"200\" height=\"150\" src=\"https:\/\/www.partnerstadtverein.de\/wp-content\/uploads\/2026\/08\/mittagessen_lasalle-200x150.jpeg\" class=\"attachment-thumbnail size-thumbnail\" alt=\"\" \/><\/a>\n\t\t\t<\/dt><\/dl><br style=\"clear: both\" \/><dl class='gallery-item'>\n\t\t\t<dt class='gallery-icon landscape'>\n\t\t\t\t<a href='https:\/\/www.partnerstadtverein.de\/wp-content\/uploads\/2026\/08\/porschemuseum.jpeg' rel=\"lightbox[2015]\"><img loading=\"lazy\" decoding=\"async\" width=\"200\" height=\"150\" src=\"https:\/\/www.partnerstadtverein.de\/wp-content\/uploads\/2026\/08\/porschemuseum-200x150.jpeg\" class=\"attachment-thumbnail size-thumbnail\" alt=\"\" srcset=\"https:\/\/www.partnerstadtverein.de\/wp-content\/uploads\/2026\/08\/porschemuseum-200x150.jpeg 200w, https:\/\/www.partnerstadtverein.de\/wp-content\/uploads\/2026\/08\/porschemuseum-300x225.jpeg 300w, https:\/\/www.partnerstadtverein.de\/wp-content\/uploads\/2026\/08\/porschemuseum-1024x768.jpeg 1024w, https:\/\/www.partnerstadtverein.de\/wp-content\/uploads\/2026\/08\/porschemuseum-768x576.jpeg 768w, https:\/\/www.partnerstadtverein.de\/wp-content\/uploads\/2026\/08\/porschemuseum-1536x1152.jpeg 1536w, https:\/\/www.partnerstadtverein.de\/wp-content\/uploads\/2026\/08\/porschemuseum.jpeg 1600w\" sizes=\"auto, (max-width: 200px) 100vw, 200px\" \/><\/a>\n\t\t\t<\/dt><\/dl><dl class='gallery-item'>\n\t\t\t<dt class='gallery-icon landscape'>\n\t\t\t\t<a href='https:\/\/www.partnerstadtverein.de\/wp-content\/uploads\/2026\/08\/stpierre_platz_stetten.jpeg' rel=\"lightbox[2015]\"><img loading=\"lazy\" decoding=\"async\" width=\"200\" height=\"150\" src=\"https:\/\/www.partnerstadtverein.de\/wp-content\/uploads\/2026\/08\/stpierre_platz_stetten-200x150.jpeg\" class=\"attachment-thumbnail size-thumbnail\" alt=\"\" srcset=\"https:\/\/www.partnerstadtverein.de\/wp-content\/uploads\/2026\/08\/stpierre_platz_stetten-200x150.jpeg 200w, https:\/\/www.partnerstadtverein.de\/wp-content\/uploads\/2026\/08\/stpierre_platz_stetten-300x225.jpeg 300w, https:\/\/www.partnerstadtverein.de\/wp-content\/uploads\/2026\/08\/stpierre_platz_stetten-1024x768.jpeg 1024w, https:\/\/www.partnerstadtverein.de\/wp-content\/uploads\/2026\/08\/stpierre_platz_stetten-768x576.jpeg 768w, https:\/\/www.partnerstadtverein.de\/wp-content\/uploads\/2026\/08\/stpierre_platz_stetten-1536x1152.jpeg 1536w, https:\/\/www.partnerstadtverein.de\/wp-content\/uploads\/2026\/08\/stpierre_platz_stetten.jpeg 1600w\" sizes=\"auto, (max-width: 200px) 100vw, 200px\" \/><\/a>\n\t\t\t<\/dt><\/dl><dl class='gallery-item'>\n\t\t\t<dt class='gallery-icon landscape'>\n\t\t\t\t<a href='https:\/\/www.partnerstadtverein.de\/wp-content\/uploads\/2026\/08\/wasserball_baedle.jpeg' rel=\"lightbox[2015]\"><img loading=\"lazy\" decoding=\"async\" width=\"200\" height=\"150\" src=\"https:\/\/www.partnerstadtverein.de\/wp-content\/uploads\/2026\/08\/wasserball_baedle-200x150.jpeg\" class=\"attachment-thumbnail size-thumbnail\" alt=\"\" srcset=\"https:\/\/www.partnerstadtverein.de\/wp-content\/uploads\/2026\/08\/wasserball_baedle-200x150.jpeg 200w, https:\/\/www.partnerstadtverein.de\/wp-content\/uploads\/2026\/08\/wasserball_baedle-300x225.jpeg 300w, https:\/\/www.partnerstadtverein.de\/wp-content\/uploads\/2026\/08\/wasserball_baedle-1024x768.jpeg 1024w, https:\/\/www.partnerstadtverein.de\/wp-content\/uploads\/2026\/08\/wasserball_baedle-768x576.jpeg 768w, https:\/\/www.partnerstadtverein.de\/wp-content\/uploads\/2026\/08\/wasserball_baedle-1536x1152.jpeg 1536w, https:\/\/www.partnerstadtverein.de\/wp-content\/uploads\/2026\/08\/wasserball_baedle.jpeg 1600w\" sizes=\"auto, (max-width: 200px) 100vw, 200px\" \/><\/a>\n\t\t\t<\/dt><\/dl><br style=\"clear: both\" \/><dl class='gallery-item'>\n\t\t\t<dt class='gallery-icon landscape'>\n\t\t\t\t<a href='https:\/\/www.partnerstadtverein.de\/wp-content\/uploads\/2026\/08\/workshop_jugendzentrum.jpeg' rel=\"lightbox[2015]\"><img loading=\"lazy\" decoding=\"async\" width=\"200\" height=\"150\" src=\"https:\/\/www.partnerstadtverein.de\/wp-content\/uploads\/2026\/08\/workshop_jugendzentrum-200x150.jpeg\" class=\"attachment-thumbnail size-thumbnail\" alt=\"\" srcset=\"https:\/\/www.partnerstadtverein.de\/wp-content\/uploads\/2026\/08\/workshop_jugendzentrum-200x150.jpeg 200w, https:\/\/www.partnerstadtverein.de\/wp-content\/uploads\/2026\/08\/workshop_jugendzentrum-300x225.jpeg 300w, https:\/\/www.partnerstadtverein.de\/wp-content\/uploads\/2026\/08\/workshop_jugendzentrum-1024x768.jpeg 1024w, https:\/\/www.partnerstadtverein.de\/wp-content\/uploads\/2026\/08\/workshop_jugendzentrum-768x576.jpeg 768w, https:\/\/www.partnerstadtverein.de\/wp-content\/uploads\/2026\/08\/workshop_jugendzentrum-1536x1152.jpeg 1536w, https:\/\/www.partnerstadtverein.de\/wp-content\/uploads\/2026\/08\/workshop_jugendzentrum.jpeg 1600w\" sizes=\"auto, (max-width: 200px) 100vw, 200px\" \/><\/a>\n\t\t\t<\/dt><\/dl>\n\t\t\t<br style='clear: both' \/>\n\t\t<\/div>\n\n","protected":false},"excerpt":{"rendered":"<p>Vom 3. bis 9. August fand in Kernen ein deutsch\u2011franz\u00f6sisches Jugendcamp statt, das 15 Jugendlichen aus St. Pierre d\u2019Albigny und 10 Jugendlichen aus Kernen die M\u00f6glichkeit bot, eine Woche lang gemeinsam zu leben, zu lernen und Neues zu entdecken. Organisiert wurde das Camp vom Partnerstadtverein Stetten-St.Pierre und dem Comit\u00e9 de Jumelage St. Pierre, unterst\u00fctzt vom [&hellip;]<\/p>\n","protected":false},"author":9,"featured_media":0,"comment_status":"closed","ping_status":"closed","sticky":false,"template":"","format":"standard","meta":{"footnotes":""},"categories":[3],"tags":[],"class_list":["post-2015","post","type-post","status-publish","format-standard","hentry","category-pressespiegel"],"_links":{"self":[{"href":"https:\/\/www.partnerstadtverein.de\/index.php\/wp-json\/wp\/v2\/posts\/2015","targetHints":{"allow":["GET"]}}],"collection":[{"href":"https:\/\/www.partnerstadtverein.de\/index.php\/wp-json\/wp\/v2\/posts"}],"about":[{"href":"https:\/\/www.partnerstadtverein.de\/index.php\/wp-json\/wp\/v2\/types\/post"}],"author":[{"embeddable":true,"href":"https:\/\/www.partnerstadtverein.de\/index.php\/wp-json\/wp\/v2\/users\/9"}],"replies":[{"embeddable":true,"href":"https:\/\/www.partnerstadtverein.de\/index.php\/wp-json\/wp\/v2\/comments?post=2015"}],"version-history":[{"count":8,"href":"https:\/\/www.partnerstadtverein.de\/index.php\/wp-json\/wp\/v2\/posts\/2015\/revisions"}],"predecessor-version":[{"id":2030,"href":"https:\/\/www.partnerstadtverein.de\/index.php\/wp-json\/wp\/v2\/posts\/2015\/revisions\/2030"}],"wp:attachment":[{"href":"https:\/\/www.partnerstadtverein.de\/index.php\/wp-json\/wp\/v2\/media?parent=2015"}],"wp:term":[{"taxonomy":"category","embeddable":true,"href":"https:\/\/www.partnerstadtverein.de\/index.php\/wp-json\/wp\/v2\/categories?post=2015"},{"taxonomy":"post_tag","embeddable":true,"href":"https:\/\/www.partnerstadtverein.de\/index.php\/wp-json\/wp\/v2\/tags?post=2015"}],"curies":[{"name":"wp","href":"https:\/\/api.w.org\/{rel}","templated":true}]}}